{"id":840,"date":"2023-09-11T10:55:10","date_gmt":"2023-09-11T08:55:10","guid":{"rendered":"https:\/\/browarbaltow.pl\/blog\/?p=840"},"modified":"2023-09-11T10:55:11","modified_gmt":"2023-09-11T08:55:11","slug":"festiwal-rozmaitosci","status":"publish","type":"post","link":"https:\/\/browarbaltow.pl\/blog\/festiwal-rozmaitosci\/","title":{"rendered":"Festiwal Rozmaito\u015bci"},"content":{"rendered":"\n<p>Festiwal Rozmaito\u015bci ju\u017c za nami! Lokalno\u015b\u0107 i regionalno\u015b\u0107 to cechy, kt\u00f3re idealnie wpisuj\u0105 si\u0119 w misj\u0119 naszego browaru. Nie mog\u0142o nas zatem zabrakn\u0105\u0107 podczas wydarzenia, kt\u00f3re odby\u0142o si\u0119 9 wrze\u015bnia w Paw\u0142owicach. <\/p>\n\n\n\n<p>Kilkana\u015bcie wystawc\u00f3w, kt\u00f3rzy pochwalili si\u0119 swoimi rzemie\u015blniczymi i lokalnymi produktami, a w\u015br\u00f3d nich my &#8211; Browar Ba\u0142t\u00f3w. Mieszka\u0144cy okolicznych gmin i cz\u0142onkowie stowarzyszenia LGD &#8221;Krzemienny Kr\u0105g&#8221; mieli okazj\u0119 spr\u00f3bowa\u0107 <a href=\"https:\/\/browarbaltow.pl\/blog\/jakie-piwa-warzy-sie-w-browarze-baltow\/\">naszych piw.<\/a> Co wi\u0119cej mo\u017cna by\u0142o porozmawia\u0107 z piwowarem o procesie ich powstawania. <\/p>\n\n\n\n<p>Uczestnictwo w lokalnych przedsi\u0119wzi\u0119ciach jest dla nas wa\u017cne i niezwykle warto\u015bciowe, poniewa\u017c wpisuje si\u0119 to w cel jaki postawili\u015bmy sobie tworz\u0105c ba\u0142towski browar. Jako Browar Ba\u0142t\u00f3w chcemy \u0142\u0105czy\u0107 wyj\u0105tkowo\u015b\u0107 piwa rzemie\u015blniczego z lokalnymi historiami i legendami.<\/p>\n\n\n\n<p>Dzi\u0119kujemy Winnicy Skarpa Wi\u015blana i <a href=\"http:\/\/www.krzemiennykrag.info\/\">Stowarzyszeniu LGD &#8221;Krzemienny Kr\u0105g&#8221;<\/a> za zaproszenie. Do zobaczenia!<\/p>\n\n\n\n<figure class=\"wp-block-image size-large is-resized\"><img fetchpriority=\"high\" decoding=\"async\" src=\"https:\/\/browarbaltow.pl\/blog\/wp-content\/uploads\/2023\/09\/IMG_3298_1-768x1024.jpg\" alt=\"\" class=\"wp-image-844\" width=\"576\" height=\"768\" srcset=\"https:\/\/browarbaltow.pl\/blog\/wp-content\/uploads\/2023\/09\/IMG_3298_1-768x1024.jpg 768w, https:\/\/browarbaltow.pl\/blog\/wp-content\/uploads\/2023\/09\/IMG_3298_1-225x300.jpg 225w, https:\/\/browarbaltow.pl\/blog\/wp-content\/uploads\/2023\/09\/IMG_3298_1-1152x1536.jpg 1152w, https:\/\/browarbaltow.pl\/blog\/wp-content\/uploads\/2023\/09\/IMG_3298_1-1536x2048.jpg 1536w, https:\/\/browarbaltow.pl\/blog\/wp-content\/uploads\/2023\/09\/IMG_3298_1-scaled.jpg 1920w\" sizes=\"(max-width: 576px) 100vw, 576px\" \/><\/figure>\n\n\n\n<p><\/p>\n","protected":false},"excerpt":{"rendered":"<p>Festiwal Rozmaito\u015bci ju\u017c za nami! Lokalno\u015b\u0107 i regionalno\u015b\u0107 to cechy, kt\u00f3re idealnie wpisuj\u0105 si\u0119 w misj\u0119 naszego browaru. Nie mog\u0142o nas zatem zabrakn\u0105\u0107 podczas wydarzenia, kt\u00f3re odby\u0142o si\u0119 9 wrze\u015bnia w Paw\u0142owicach. Kilkana\u015bcie wystawc\u00f3w, kt\u00f3rzy pochwalili si\u0119 swoimi rzemie\u015blniczymi i lokalnymi produktami, a w\u015br\u00f3d nich my &#8211; Browar Ba\u0142t\u00f3w. Mieszka\u0144cy okolicznych gmin i cz\u0142onkowie stowarzyszenia&#8230;<\/p>\n","protected":false},"author":5,"featured_media":841,"comment_status":"closed","ping_status":"closed","sticky":false,"template":"","format":"standard","meta":{"_kad_post_transparent":"","_kad_post_title":"","_kad_post_layout":"","_kad_post_sidebar_id":"","_kad_post_content_style":"","_kad_post_vertical_padding":"","_kad_post_feature":"","_kad_post_feature_position":"","_kad_post_header":false,"_kad_post_footer":false,"_kad_post_classname":"","footnotes":""},"categories":[1],"tags":[56,57,69,70,62,59],"class_list":["post-840","post","type-post","status-publish","format-standard","has-post-thumbnail","hentry","category-aktualnosci","tag-browar-baltow","tag-browar-regionalny","tag-browar-tematyczny","tag-festiwal-rozmaitosci","tag-pierwszy-w-polsce-browar-tematyczny","tag-swietokrzyskie-2"],"yoast_head":"<!-- This site is optimized with the Yoast SEO plugin v27.5 - https:\/\/yoast.com\/product\/yoast-seo-wordpress\/ -->\n<title>Festiwal Rozmaito\u015bci - Browar Ba\u0142t\u00f3w Blog<\/title>\n<meta name=\"description\" content=\"Festiwal Rozmaito\u015bci ju\u017c za nami! Nie mog\u0142o nas zatem zabrakn\u0105\u0107 podczas wydarzenia, kt\u00f3re odby\u0142o si\u0119 9 wrze\u015bnia w Paw\u0142owicach.\" \/>\n<meta name=\"robots\" content=\"index, follow, max-snippet:-1, max-image-preview:large, max-video-preview:-1\" \/>\n<link rel=\"canonical\" href=\"https:\/\/browarbaltow.pl\/blog\/festiwal-rozmaitosci\/\" \/>\n<meta property=\"og:locale\" content=\"pl_PL\" \/>\n<meta property=\"og:type\" content=\"article\" \/>\n<meta property=\"og:title\" content=\"Festiwal Rozmaito\u015bci - Browar Ba\u0142t\u00f3w Blog\" \/>\n<meta property=\"og:description\" content=\"Festiwal Rozmaito\u015bci ju\u017c za nami! Nie mog\u0142o nas zatem zabrakn\u0105\u0107 podczas wydarzenia, kt\u00f3re odby\u0142o si\u0119 9 wrze\u015bnia w Paw\u0142owicach.\" \/>\n<meta property=\"og:url\" content=\"https:\/\/browarbaltow.pl\/blog\/festiwal-rozmaitosci\/\" \/>\n<meta property=\"og:site_name\" content=\"Browar Ba\u0142t\u00f3w Blog\" \/>\n<meta property=\"article:published_time\" content=\"2023-09-11T08:55:10+00:00\" \/>\n<meta property=\"article:modified_time\" content=\"2023-09-11T08:55:11+00:00\" \/>\n<meta property=\"og:image\" content=\"https:\/\/browarbaltow.pl\/blog\/wp-content\/uploads\/2023\/09\/3V9A2843.jpg\" \/>\n\t<meta property=\"og:image:width\" content=\"2500\" \/>\n\t<meta property=\"og:image:height\" content=\"1667\" \/>\n\t<meta property=\"og:image:type\" content=\"image\/jpeg\" \/>\n<meta name=\"author\" content=\"Monika P\u0119kala\" \/>\n<meta name=\"twitter:card\" content=\"summary_large_image\" \/>\n<meta name=\"twitter:label1\" content=\"Napisane przez\" \/>\n\t<meta name=\"twitter:data1\" content=\"Monika P\u0119kala\" \/>\n\t<meta name=\"twitter:label2\" content=\"Szacowany czas czytania\" \/>\n\t<meta name=\"twitter:data2\" content=\"1 minuta\" \/>\n<script type=\"application\/ld+json\" class=\"yoast-schema-graph\">{\"@context\":\"https:\\\/\\\/schema.org\",\"@graph\":[{\"@type\":\"Article\",\"@id\":\"https:\\\/\\\/browarbaltow.pl\\\/blog\\\/festiwal-rozmaitosci\\\/#article\",\"isPartOf\":{\"@id\":\"https:\\\/\\\/browarbaltow.pl\\\/blog\\\/festiwal-rozmaitosci\\\/\"},\"author\":{\"name\":\"Monika P\u0119kala\",\"@id\":\"https:\\\/\\\/browarbaltow.pl\\\/blog\\\/#\\\/schema\\\/person\\\/89d82a20662a884797c6b0344f0d4a25\"},\"headline\":\"Festiwal Rozmaito\u015bci\",\"datePublished\":\"2023-09-11T08:55:10+00:00\",\"dateModified\":\"2023-09-11T08:55:11+00:00\",\"mainEntityOfPage\":{\"@id\":\"https:\\\/\\\/browarbaltow.pl\\\/blog\\\/festiwal-rozmaitosci\\\/\"},\"wordCount\":161,\"publisher\":{\"@id\":\"https:\\\/\\\/browarbaltow.pl\\\/blog\\\/#organization\"},\"image\":{\"@id\":\"https:\\\/\\\/browarbaltow.pl\\\/blog\\\/festiwal-rozmaitosci\\\/#primaryimage\"},\"thumbnailUrl\":\"https:\\\/\\\/browarbaltow.pl\\\/blog\\\/wp-content\\\/uploads\\\/2023\\\/09\\\/3V9A2843.jpg\",\"keywords\":[\"Browar Ba\u0142t\u00f3w\",\"Browar Regionalny\",\"Browar Tematyczny\",\"Festiwal Rozmaito\u015bci\",\"Pierwszy w Polsce Browar Tematyczny\",\"\u015awi\u0119tokrzyskie\"],\"articleSection\":[\"Aktualno\u015bci\"],\"inLanguage\":\"pl-PL\"},{\"@type\":\"WebPage\",\"@id\":\"https:\\\/\\\/browarbaltow.pl\\\/blog\\\/festiwal-rozmaitosci\\\/\",\"url\":\"https:\\\/\\\/browarbaltow.pl\\\/blog\\\/festiwal-rozmaitosci\\\/\",\"name\":\"Festiwal Rozmaito\u015bci - Browar Ba\u0142t\u00f3w Blog\",\"isPartOf\":{\"@id\":\"https:\\\/\\\/browarbaltow.pl\\\/blog\\\/#website\"},\"primaryImageOfPage\":{\"@id\":\"https:\\\/\\\/browarbaltow.pl\\\/blog\\\/festiwal-rozmaitosci\\\/#primaryimage\"},\"image\":{\"@id\":\"https:\\\/\\\/browarbaltow.pl\\\/blog\\\/festiwal-rozmaitosci\\\/#primaryimage\"},\"thumbnailUrl\":\"https:\\\/\\\/browarbaltow.pl\\\/blog\\\/wp-content\\\/uploads\\\/2023\\\/09\\\/3V9A2843.jpg\",\"datePublished\":\"2023-09-11T08:55:10+00:00\",\"dateModified\":\"2023-09-11T08:55:11+00:00\",\"description\":\"Festiwal Rozmaito\u015bci ju\u017c za nami! Nie mog\u0142o nas zatem zabrakn\u0105\u0107 podczas wydarzenia, kt\u00f3re odby\u0142o si\u0119 9 wrze\u015bnia w Paw\u0142owicach.\",\"breadcrumb\":{\"@id\":\"https:\\\/\\\/browarbaltow.pl\\\/blog\\\/festiwal-rozmaitosci\\\/#breadcrumb\"},\"inLanguage\":\"pl-PL\",\"potentialAction\":[{\"@type\":\"ReadAction\",\"target\":[\"https:\\\/\\\/browarbaltow.pl\\\/blog\\\/festiwal-rozmaitosci\\\/\"]}]},{\"@type\":\"ImageObject\",\"inLanguage\":\"pl-PL\",\"@id\":\"https:\\\/\\\/browarbaltow.pl\\\/blog\\\/festiwal-rozmaitosci\\\/#primaryimage\",\"url\":\"https:\\\/\\\/browarbaltow.pl\\\/blog\\\/wp-content\\\/uploads\\\/2023\\\/09\\\/3V9A2843.jpg\",\"contentUrl\":\"https:\\\/\\\/browarbaltow.pl\\\/blog\\\/wp-content\\\/uploads\\\/2023\\\/09\\\/3V9A2843.jpg\",\"width\":2500,\"height\":1667,\"caption\":\"browar ba\u0142t\u00f3w micha\u0142 czarnecki\"},{\"@type\":\"BreadcrumbList\",\"@id\":\"https:\\\/\\\/browarbaltow.pl\\\/blog\\\/festiwal-rozmaitosci\\\/#breadcrumb\",\"itemListElement\":[{\"@type\":\"ListItem\",\"position\":1,\"name\":\"Home\",\"item\":\"https:\\\/\\\/browarbaltow.pl\\\/blog\\\/\"},{\"@type\":\"ListItem\",\"position\":2,\"name\":\"Festiwal Rozmaito\u015bci\"}]},{\"@type\":\"WebSite\",\"@id\":\"https:\\\/\\\/browarbaltow.pl\\\/blog\\\/#website\",\"url\":\"https:\\\/\\\/browarbaltow.pl\\\/blog\\\/\",\"name\":\"Browar Ba\u0142t\u00f3w Blog\",\"description\":\"\",\"publisher\":{\"@id\":\"https:\\\/\\\/browarbaltow.pl\\\/blog\\\/#organization\"},\"potentialAction\":[{\"@type\":\"SearchAction\",\"target\":{\"@type\":\"EntryPoint\",\"urlTemplate\":\"https:\\\/\\\/browarbaltow.pl\\\/blog\\\/?s={search_term_string}\"},\"query-input\":{\"@type\":\"PropertyValueSpecification\",\"valueRequired\":true,\"valueName\":\"search_term_string\"}}],\"inLanguage\":\"pl-PL\"},{\"@type\":\"Organization\",\"@id\":\"https:\\\/\\\/browarbaltow.pl\\\/blog\\\/#organization\",\"name\":\"Browar Ba\u0142t\u00f3w Blog\",\"url\":\"https:\\\/\\\/browarbaltow.pl\\\/blog\\\/\",\"logo\":{\"@type\":\"ImageObject\",\"inLanguage\":\"pl-PL\",\"@id\":\"https:\\\/\\\/browarbaltow.pl\\\/blog\\\/#\\\/schema\\\/logo\\\/image\\\/\",\"url\":\"https:\\\/\\\/browarbaltow.pl\\\/blog\\\/wp-content\\\/uploads\\\/2022\\\/11\\\/BB_elementy-01.png\",\"contentUrl\":\"https:\\\/\\\/browarbaltow.pl\\\/blog\\\/wp-content\\\/uploads\\\/2022\\\/11\\\/BB_elementy-01.png\",\"width\":1934,\"height\":1692,\"caption\":\"Browar Ba\u0142t\u00f3w Blog\"},\"image\":{\"@id\":\"https:\\\/\\\/browarbaltow.pl\\\/blog\\\/#\\\/schema\\\/logo\\\/image\\\/\"}},{\"@type\":\"Person\",\"@id\":\"https:\\\/\\\/browarbaltow.pl\\\/blog\\\/#\\\/schema\\\/person\\\/89d82a20662a884797c6b0344f0d4a25\",\"name\":\"Monika P\u0119kala\",\"image\":{\"@type\":\"ImageObject\",\"inLanguage\":\"pl-PL\",\"@id\":\"https:\\\/\\\/browarbaltow.pl\\\/blog\\\/wp-content\\\/litespeed\\\/avatar\\\/3553d76c0da792950f3211d54d22ab93.jpg?ver=1777478337\",\"url\":\"https:\\\/\\\/browarbaltow.pl\\\/blog\\\/wp-content\\\/litespeed\\\/avatar\\\/3553d76c0da792950f3211d54d22ab93.jpg?ver=1777478337\",\"contentUrl\":\"https:\\\/\\\/browarbaltow.pl\\\/blog\\\/wp-content\\\/litespeed\\\/avatar\\\/3553d76c0da792950f3211d54d22ab93.jpg?ver=1777478337\",\"caption\":\"Monika P\u0119kala\"},\"url\":\"https:\\\/\\\/browarbaltow.pl\\\/blog\\\/author\\\/marketing\\\/\"}]}<\/script>\n<!-- \/ Yoast SEO plugin. -->","yoast_head_json":{"title":"Festiwal Rozmaito\u015bci - Browar Ba\u0142t\u00f3w Blog","description":"Festiwal Rozmaito\u015bci ju\u017c za nami! Nie mog\u0142o nas zatem zabrakn\u0105\u0107 podczas wydarzenia, kt\u00f3re odby\u0142o si\u0119 9 wrze\u015bnia w Paw\u0142owicach.","robots":{"index":"index","follow":"follow","max-snippet":"max-snippet:-1","max-image-preview":"max-image-preview:large","max-video-preview":"max-video-preview:-1"},"canonical":"https:\/\/browarbaltow.pl\/blog\/festiwal-rozmaitosci\/","og_locale":"pl_PL","og_type":"article","og_title":"Festiwal Rozmaito\u015bci - Browar Ba\u0142t\u00f3w Blog","og_description":"Festiwal Rozmaito\u015bci ju\u017c za nami! Nie mog\u0142o nas zatem zabrakn\u0105\u0107 podczas wydarzenia, kt\u00f3re odby\u0142o si\u0119 9 wrze\u015bnia w Paw\u0142owicach.","og_url":"https:\/\/browarbaltow.pl\/blog\/festiwal-rozmaitosci\/","og_site_name":"Browar Ba\u0142t\u00f3w Blog","article_published_time":"2023-09-11T08:55:10+00:00","article_modified_time":"2023-09-11T08:55:11+00:00","og_image":[{"width":2500,"height":1667,"url":"https:\/\/browarbaltow.pl\/blog\/wp-content\/uploads\/2023\/09\/3V9A2843.jpg","type":"image\/jpeg"}],"author":"Monika P\u0119kala","twitter_card":"summary_large_image","twitter_misc":{"Napisane przez":"Monika P\u0119kala","Szacowany czas czytania":"1 minuta"},"schema":{"@context":"https:\/\/schema.org","@graph":[{"@type":"Article","@id":"https:\/\/browarbaltow.pl\/blog\/festiwal-rozmaitosci\/#article","isPartOf":{"@id":"https:\/\/browarbaltow.pl\/blog\/festiwal-rozmaitosci\/"},"author":{"name":"Monika P\u0119kala","@id":"https:\/\/browarbaltow.pl\/blog\/#\/schema\/person\/89d82a20662a884797c6b0344f0d4a25"},"headline":"Festiwal Rozmaito\u015bci","datePublished":"2023-09-11T08:55:10+00:00","dateModified":"2023-09-11T08:55:11+00:00","mainEntityOfPage":{"@id":"https:\/\/browarbaltow.pl\/blog\/festiwal-rozmaitosci\/"},"wordCount":161,"publisher":{"@id":"https:\/\/browarbaltow.pl\/blog\/#organization"},"image":{"@id":"https:\/\/browarbaltow.pl\/blog\/festiwal-rozmaitosci\/#primaryimage"},"thumbnailUrl":"https:\/\/browarbaltow.pl\/blog\/wp-content\/uploads\/2023\/09\/3V9A2843.jpg","keywords":["Browar Ba\u0142t\u00f3w","Browar Regionalny","Browar Tematyczny","Festiwal Rozmaito\u015bci","Pierwszy w Polsce Browar Tematyczny","\u015awi\u0119tokrzyskie"],"articleSection":["Aktualno\u015bci"],"inLanguage":"pl-PL"},{"@type":"WebPage","@id":"https:\/\/browarbaltow.pl\/blog\/festiwal-rozmaitosci\/","url":"https:\/\/browarbaltow.pl\/blog\/festiwal-rozmaitosci\/","name":"Festiwal Rozmaito\u015bci - Browar Ba\u0142t\u00f3w Blog","isPartOf":{"@id":"https:\/\/browarbaltow.pl\/blog\/#website"},"primaryImageOfPage":{"@id":"https:\/\/browarbaltow.pl\/blog\/festiwal-rozmaitosci\/#primaryimage"},"image":{"@id":"https:\/\/browarbaltow.pl\/blog\/festiwal-rozmaitosci\/#primaryimage"},"thumbnailUrl":"https:\/\/browarbaltow.pl\/blog\/wp-content\/uploads\/2023\/09\/3V9A2843.jpg","datePublished":"2023-09-11T08:55:10+00:00","dateModified":"2023-09-11T08:55:11+00:00","description":"Festiwal Rozmaito\u015bci ju\u017c za nami! Nie mog\u0142o nas zatem zabrakn\u0105\u0107 podczas wydarzenia, kt\u00f3re odby\u0142o si\u0119 9 wrze\u015bnia w Paw\u0142owicach.","breadcrumb":{"@id":"https:\/\/browarbaltow.pl\/blog\/festiwal-rozmaitosci\/#breadcrumb"},"inLanguage":"pl-PL","potentialAction":[{"@type":"ReadAction","target":["https:\/\/browarbaltow.pl\/blog\/festiwal-rozmaitosci\/"]}]},{"@type":"ImageObject","inLanguage":"pl-PL","@id":"https:\/\/browarbaltow.pl\/blog\/festiwal-rozmaitosci\/#primaryimage","url":"https:\/\/browarbaltow.pl\/blog\/wp-content\/uploads\/2023\/09\/3V9A2843.jpg","contentUrl":"https:\/\/browarbaltow.pl\/blog\/wp-content\/uploads\/2023\/09\/3V9A2843.jpg","width":2500,"height":1667,"caption":"browar ba\u0142t\u00f3w micha\u0142 czarnecki"},{"@type":"BreadcrumbList","@id":"https:\/\/browarbaltow.pl\/blog\/festiwal-rozmaitosci\/#breadcrumb","itemListElement":[{"@type":"ListItem","position":1,"name":"Home","item":"https:\/\/browarbaltow.pl\/blog\/"},{"@type":"ListItem","position":2,"name":"Festiwal Rozmaito\u015bci"}]},{"@type":"WebSite","@id":"https:\/\/browarbaltow.pl\/blog\/#website","url":"https:\/\/browarbaltow.pl\/blog\/","name":"Browar Ba\u0142t\u00f3w Blog","description":"","publisher":{"@id":"https:\/\/browarbaltow.pl\/blog\/#organization"},"potentialAction":[{"@type":"SearchAction","target":{"@type":"EntryPoint","urlTemplate":"https:\/\/browarbaltow.pl\/blog\/?s={search_term_string}"},"query-input":{"@type":"PropertyValueSpecification","valueRequired":true,"valueName":"search_term_string"}}],"inLanguage":"pl-PL"},{"@type":"Organization","@id":"https:\/\/browarbaltow.pl\/blog\/#organization","name":"Browar Ba\u0142t\u00f3w Blog","url":"https:\/\/browarbaltow.pl\/blog\/","logo":{"@type":"ImageObject","inLanguage":"pl-PL","@id":"https:\/\/browarbaltow.pl\/blog\/#\/schema\/logo\/image\/","url":"https:\/\/browarbaltow.pl\/blog\/wp-content\/uploads\/2022\/11\/BB_elementy-01.png","contentUrl":"https:\/\/browarbaltow.pl\/blog\/wp-content\/uploads\/2022\/11\/BB_elementy-01.png","width":1934,"height":1692,"caption":"Browar Ba\u0142t\u00f3w Blog"},"image":{"@id":"https:\/\/browarbaltow.pl\/blog\/#\/schema\/logo\/image\/"}},{"@type":"Person","@id":"https:\/\/browarbaltow.pl\/blog\/#\/schema\/person\/89d82a20662a884797c6b0344f0d4a25","name":"Monika P\u0119kala","image":{"@type":"ImageObject","inLanguage":"pl-PL","@id":"https:\/\/browarbaltow.pl\/blog\/wp-content\/litespeed\/avatar\/3553d76c0da792950f3211d54d22ab93.jpg?ver=1777478337","url":"https:\/\/browarbaltow.pl\/blog\/wp-content\/litespeed\/avatar\/3553d76c0da792950f3211d54d22ab93.jpg?ver=1777478337","contentUrl":"https:\/\/browarbaltow.pl\/blog\/wp-content\/litespeed\/avatar\/3553d76c0da792950f3211d54d22ab93.jpg?ver=1777478337","caption":"Monika P\u0119kala"},"url":"https:\/\/browarbaltow.pl\/blog\/author\/marketing\/"}]}},"_links":{"self":[{"href":"https:\/\/browarbaltow.pl\/blog\/wp-json\/wp\/v2\/posts\/840","targetHints":{"allow":["GET"]}}],"collection":[{"href":"https:\/\/browarbaltow.pl\/blog\/wp-json\/wp\/v2\/posts"}],"about":[{"href":"https:\/\/browarbaltow.pl\/blog\/wp-json\/wp\/v2\/types\/post"}],"author":[{"embeddable":true,"href":"https:\/\/browarbaltow.pl\/blog\/wp-json\/wp\/v2\/users\/5"}],"replies":[{"embeddable":true,"href":"https:\/\/browarbaltow.pl\/blog\/wp-json\/wp\/v2\/comments?post=840"}],"version-history":[{"count":1,"href":"https:\/\/browarbaltow.pl\/blog\/wp-json\/wp\/v2\/posts\/840\/revisions"}],"predecessor-version":[{"id":845,"href":"https:\/\/browarbaltow.pl\/blog\/wp-json\/wp\/v2\/posts\/840\/revisions\/845"}],"wp:featuredmedia":[{"embeddable":true,"href":"https:\/\/browarbaltow.pl\/blog\/wp-json\/wp\/v2\/media\/841"}],"wp:attachment":[{"href":"https:\/\/browarbaltow.pl\/blog\/wp-json\/wp\/v2\/media?parent=840"}],"wp:term":[{"taxonomy":"category","embeddable":true,"href":"https:\/\/browarbaltow.pl\/blog\/wp-json\/wp\/v2\/categories?post=840"},{"taxonomy":"post_tag","embeddable":true,"href":"https:\/\/browarbaltow.pl\/blog\/wp-json\/wp\/v2\/tags?post=840"}],"curies":[{"name":"wp","href":"https:\/\/api.w.org\/{rel}","templated":true}]}}