{"id":847,"date":"2023-09-18T10:37:12","date_gmt":"2023-09-18T08:37:12","guid":{"rendered":"https:\/\/browarbaltow.pl\/blog\/?p=847"},"modified":"2023-09-18T10:37:14","modified_gmt":"2023-09-18T08:37:14","slug":"oktoberfest-gliwice","status":"publish","type":"post","link":"https:\/\/browarbaltow.pl\/blog\/oktoberfest-gliwice\/","title":{"rendered":"Oktoberfest w Gliwicach"},"content":{"rendered":"\n<p>W dniach 22-24 wrze\u015bnia w Gliwicach na Placu Krakowskim odb\u0119dzie si\u0119 Oktoberfest, kt\u00f3rego organizatorem jest\u00a0<a href=\"https:\/\/www.linkedin.com\/company\/smaczny-targ\/?originalSubdomain=pl\">Smaczny Targ. <\/a> Mi\u0142o nam poinformowa\u0107, \u017ce ju\u017c za tydzie\u0144 b\u0119dziecie mogli tam spotka\u0107 team Browaru Ba\u0142t\u00f3w!<\/p>\n\n\n\n<p>To niepowtarzalne wydarzenie, kt\u00f3re celebruje zar\u00f3wno piwo od polskich browarnik\u00f3w, jak i bogactwo kulturowe regionu. Jeste\u015bmy niezwykle podekscytowani, \u017ce b\u0119dziemy mieli okazj\u0119 podzieli\u0107 si\u0119 naszymi wyj\u0105tkowymi trunkami z mi\u0142o\u015bnikami piwa z Gliwic i okolic.<\/p>\n\n\n\n<p>B\u0119dziemy obecni na festiwalu przez wszystkie trzy dni. W tym czasie b\u0119dzie mo\u017cna spr\u00f3bowa\u0107 naszego piwa, a nawet zakupi\u0107 je na wynos i zabra\u0107 ze sob\u0105 do domu.  Co wi\u0119cej nasi piwowarzy Micha\u0142 Czarnecki oraz Mateusz Majchrzak b\u0119d\u0105 gotowi odpowiedzie\u0107 na wszystkie pytania. Z ch\u0119ci\u0105 opowiedz\u0105 o procesie warzenia piwa, kt\u00f3rym si\u0119 zajmuj\u0105 si\u0119 z tak ogromn\u0105 pasj\u0105!<\/p>\n\n\n\n<p>Podczas Oktoberfest b\u0119dziecie mogli spr\u00f3bowa\u0107 takich rodzaj\u00f3w naszego piwa jak lager, pils, APA, miodowo-propolisowe, pszeniczne. Zabierzemy ze sob\u0105 r\u00f3wnie\u017c nasz <a href=\"https:\/\/browarbaltow.pl\/blog\/napoj-slodowy-browar-baltow\/\">nap\u00f3j s\u0142odowy Off-road<\/a>, kt\u00f3ry jest idealnym odpowiednikiem piwa bezalkoholowego. <\/p>\n\n\n\n<p>Festiwal Piwa w Gliwicach to nie tylko okazja do degustacji tego wyrobu. To tak\u017ce czas, kiedy mo\u017cemy spotka\u0107 si\u0119 z Wami, naszymi przyjaci\u00f3\u0142mi i mi\u0142o\u015bnikami piwa, i podzi\u0119kowa\u0107 Wam za wsparcie, kt\u00f3re otrzymujemy na co dzie\u0144. Mamy nadziej\u0119, \u017ce licznie odwiedzicie nas w czasie tego wyj\u0105tkowego wydarzenia!<\/p>\n\n\n\n<p>Oznaczcie w kalendarzach daty festiwalu &#8211; to wydarzenie, kt\u00f3rego nie chcecie przegapi\u0107! Dzi\u0119kujemy organizatorom za zaproszenie do udzia\u0142u w wydarzeniu!<\/p>\n\n\n\n<figure class=\"wp-block-image size-full\"><img fetchpriority=\"high\" decoding=\"async\" width=\"1080\" height=\"1080\" src=\"https:\/\/browarbaltow.pl\/blog\/wp-content\/uploads\/2023\/09\/gliwice-1-1.png\" alt=\"oktoberfest gliwice\n\" class=\"wp-image-849\" srcset=\"https:\/\/browarbaltow.pl\/blog\/wp-content\/uploads\/2023\/09\/gliwice-1-1.png 1080w, https:\/\/browarbaltow.pl\/blog\/wp-content\/uploads\/2023\/09\/gliwice-1-1-300x300.png 300w, https:\/\/browarbaltow.pl\/blog\/wp-content\/uploads\/2023\/09\/gliwice-1-1-1024x1024.png 1024w, https:\/\/browarbaltow.pl\/blog\/wp-content\/uploads\/2023\/09\/gliwice-1-1-150x150.png 150w, https:\/\/browarbaltow.pl\/blog\/wp-content\/uploads\/2023\/09\/gliwice-1-1-768x768.png 768w\" sizes=\"(max-width: 1080px) 100vw, 1080px\" \/><\/figure>\n\n\n\n<p><\/p>\n","protected":false},"excerpt":{"rendered":"<p>W dniach 22-24 wrze\u015bnia w Gliwicach na Placu Krakowskim odb\u0119dzie si\u0119 Oktoberfest, kt\u00f3rego organizatorem jest\u00a0Smaczny Targ. Mi\u0142o nam poinformowa\u0107, \u017ce ju\u017c za tydzie\u0144 b\u0119dziecie mogli tam spotka\u0107 team Browaru Ba\u0142t\u00f3w! To niepowtarzalne wydarzenie, kt\u00f3re celebruje zar\u00f3wno piwo od polskich browarnik\u00f3w, jak i bogactwo kulturowe regionu. Jeste\u015bmy niezwykle podekscytowani, \u017ce b\u0119dziemy mieli okazj\u0119 podzieli\u0107 si\u0119 naszymi&#8230;<\/p>\n","protected":false},"author":5,"featured_media":661,"comment_status":"closed","ping_status":"closed","sticky":false,"template":"","format":"standard","meta":{"_kad_post_transparent":"","_kad_post_title":"","_kad_post_layout":"","_kad_post_sidebar_id":"","_kad_post_content_style":"","_kad_post_vertical_padding":"","_kad_post_feature":"","_kad_post_feature_position":"","_kad_post_header":false,"_kad_post_footer":false,"_kad_post_classname":"","footnotes":""},"categories":[1],"tags":[68,56,71,57,73,72,62,67,74],"class_list":["post-847","post","type-post","status-publish","format-standard","has-post-thumbnail","hentry","category-aktualnosci","tag-browar","tag-browar-baltow","tag-browar-kraftowy","tag-browar-regionalny","tag-gliwice","tag-oktoberfest","tag-pierwszy-w-polsce-browar-tematyczny","tag-piwo","tag-smaczny-targ"],"yoast_head":"<!-- This site is optimized with the Yoast SEO plugin v27.5 - https:\/\/yoast.com\/product\/yoast-seo-wordpress\/ -->\n<title>Oktoberfest w Gliwicach - Browar Ba\u0142t\u00f3w Blog<\/title>\n<meta name=\"description\" content=\"W dniach 22-24 wrze\u015bnia w Gliwicach odb\u0119dzie si\u0119 Oktoberfest, kt\u00f3rego organizatorem jest\u00a0Smaczny Targ. Browar Ba\u0142t\u00f3w r\u00f3wnie\u017c tam b\u0119dzie!\" \/>\n<meta name=\"robots\" content=\"index, follow, max-snippet:-1, max-image-preview:large, max-video-preview:-1\" \/>\n<link rel=\"canonical\" href=\"https:\/\/browarbaltow.pl\/blog\/oktoberfest-gliwice\/\" \/>\n<meta property=\"og:locale\" content=\"pl_PL\" \/>\n<meta property=\"og:type\" content=\"article\" \/>\n<meta property=\"og:title\" content=\"Oktoberfest w Gliwicach - Browar Ba\u0142t\u00f3w Blog\" \/>\n<meta property=\"og:description\" content=\"W dniach 22-24 wrze\u015bnia w Gliwicach odb\u0119dzie si\u0119 Oktoberfest, kt\u00f3rego organizatorem jest\u00a0Smaczny Targ. Browar Ba\u0142t\u00f3w r\u00f3wnie\u017c tam b\u0119dzie!\" \/>\n<meta property=\"og:url\" content=\"https:\/\/browarbaltow.pl\/blog\/oktoberfest-gliwice\/\" \/>\n<meta property=\"og:site_name\" content=\"Browar Ba\u0142t\u00f3w Blog\" \/>\n<meta property=\"article:published_time\" content=\"2023-09-18T08:37:12+00:00\" \/>\n<meta property=\"article:modified_time\" content=\"2023-09-18T08:37:14+00:00\" \/>\n<meta property=\"og:image\" content=\"https:\/\/browarbaltow.pl\/blog\/wp-content\/uploads\/2023\/02\/browar-baltow-4-1024x683.jpg\" \/>\n\t<meta property=\"og:image:width\" content=\"1024\" \/>\n\t<meta property=\"og:image:height\" content=\"683\" \/>\n\t<meta property=\"og:image:type\" content=\"image\/jpeg\" \/>\n<meta name=\"author\" content=\"Monika P\u0119kala\" \/>\n<meta name=\"twitter:card\" content=\"summary_large_image\" \/>\n<meta name=\"twitter:label1\" content=\"Napisane przez\" \/>\n\t<meta name=\"twitter:data1\" content=\"Monika P\u0119kala\" \/>\n\t<meta name=\"twitter:label2\" content=\"Szacowany czas czytania\" \/>\n\t<meta name=\"twitter:data2\" content=\"2 minuty\" \/>\n<script type=\"application\/ld+json\" class=\"yoast-schema-graph\">{\"@context\":\"https:\\\/\\\/schema.org\",\"@graph\":[{\"@type\":\"Article\",\"@id\":\"https:\\\/\\\/browarbaltow.pl\\\/blog\\\/oktoberfest-gliwice\\\/#article\",\"isPartOf\":{\"@id\":\"https:\\\/\\\/browarbaltow.pl\\\/blog\\\/oktoberfest-gliwice\\\/\"},\"author\":{\"name\":\"Monika P\u0119kala\",\"@id\":\"https:\\\/\\\/browarbaltow.pl\\\/blog\\\/#\\\/schema\\\/person\\\/89d82a20662a884797c6b0344f0d4a25\"},\"headline\":\"Oktoberfest w Gliwicach\",\"datePublished\":\"2023-09-18T08:37:12+00:00\",\"dateModified\":\"2023-09-18T08:37:14+00:00\",\"mainEntityOfPage\":{\"@id\":\"https:\\\/\\\/browarbaltow.pl\\\/blog\\\/oktoberfest-gliwice\\\/\"},\"wordCount\":263,\"publisher\":{\"@id\":\"https:\\\/\\\/browarbaltow.pl\\\/blog\\\/#organization\"},\"image\":{\"@id\":\"https:\\\/\\\/browarbaltow.pl\\\/blog\\\/oktoberfest-gliwice\\\/#primaryimage\"},\"thumbnailUrl\":\"https:\\\/\\\/browarbaltow.pl\\\/blog\\\/wp-content\\\/uploads\\\/2023\\\/02\\\/browar-baltow-4.jpg\",\"keywords\":[\"Browar\",\"Browar Ba\u0142t\u00f3w\",\"Browar Kraftowy\",\"Browar Regionalny\",\"Gliwice\",\"Oktoberfest\",\"Pierwszy w Polsce Browar Tematyczny\",\"Piwo\",\"Smaczny Targ\"],\"articleSection\":[\"Aktualno\u015bci\"],\"inLanguage\":\"pl-PL\"},{\"@type\":\"WebPage\",\"@id\":\"https:\\\/\\\/browarbaltow.pl\\\/blog\\\/oktoberfest-gliwice\\\/\",\"url\":\"https:\\\/\\\/browarbaltow.pl\\\/blog\\\/oktoberfest-gliwice\\\/\",\"name\":\"Oktoberfest w Gliwicach - Browar Ba\u0142t\u00f3w Blog\",\"isPartOf\":{\"@id\":\"https:\\\/\\\/browarbaltow.pl\\\/blog\\\/#website\"},\"primaryImageOfPage\":{\"@id\":\"https:\\\/\\\/browarbaltow.pl\\\/blog\\\/oktoberfest-gliwice\\\/#primaryimage\"},\"image\":{\"@id\":\"https:\\\/\\\/browarbaltow.pl\\\/blog\\\/oktoberfest-gliwice\\\/#primaryimage\"},\"thumbnailUrl\":\"https:\\\/\\\/browarbaltow.pl\\\/blog\\\/wp-content\\\/uploads\\\/2023\\\/02\\\/browar-baltow-4.jpg\",\"datePublished\":\"2023-09-18T08:37:12+00:00\",\"dateModified\":\"2023-09-18T08:37:14+00:00\",\"description\":\"W dniach 22-24 wrze\u015bnia w Gliwicach odb\u0119dzie si\u0119 Oktoberfest, kt\u00f3rego organizatorem jest\u00a0Smaczny Targ. Browar Ba\u0142t\u00f3w r\u00f3wnie\u017c tam b\u0119dzie!\",\"breadcrumb\":{\"@id\":\"https:\\\/\\\/browarbaltow.pl\\\/blog\\\/oktoberfest-gliwice\\\/#breadcrumb\"},\"inLanguage\":\"pl-PL\",\"potentialAction\":[{\"@type\":\"ReadAction\",\"target\":[\"https:\\\/\\\/browarbaltow.pl\\\/blog\\\/oktoberfest-gliwice\\\/\"]}]},{\"@type\":\"ImageObject\",\"inLanguage\":\"pl-PL\",\"@id\":\"https:\\\/\\\/browarbaltow.pl\\\/blog\\\/oktoberfest-gliwice\\\/#primaryimage\",\"url\":\"https:\\\/\\\/browarbaltow.pl\\\/blog\\\/wp-content\\\/uploads\\\/2023\\\/02\\\/browar-baltow-4.jpg\",\"contentUrl\":\"https:\\\/\\\/browarbaltow.pl\\\/blog\\\/wp-content\\\/uploads\\\/2023\\\/02\\\/browar-baltow-4.jpg\",\"width\":2500,\"height\":1667,\"caption\":\"oktoberfest gliwice\"},{\"@type\":\"BreadcrumbList\",\"@id\":\"https:\\\/\\\/browarbaltow.pl\\\/blog\\\/oktoberfest-gliwice\\\/#breadcrumb\",\"itemListElement\":[{\"@type\":\"ListItem\",\"position\":1,\"name\":\"Home\",\"item\":\"https:\\\/\\\/browarbaltow.pl\\\/blog\\\/\"},{\"@type\":\"ListItem\",\"position\":2,\"name\":\"Oktoberfest w Gliwicach\"}]},{\"@type\":\"WebSite\",\"@id\":\"https:\\\/\\\/browarbaltow.pl\\\/blog\\\/#website\",\"url\":\"https:\\\/\\\/browarbaltow.pl\\\/blog\\\/\",\"name\":\"Browar Ba\u0142t\u00f3w Blog\",\"description\":\"\",\"publisher\":{\"@id\":\"https:\\\/\\\/browarbaltow.pl\\\/blog\\\/#organization\"},\"potentialAction\":[{\"@type\":\"SearchAction\",\"target\":{\"@type\":\"EntryPoint\",\"urlTemplate\":\"https:\\\/\\\/browarbaltow.pl\\\/blog\\\/?s={search_term_string}\"},\"query-input\":{\"@type\":\"PropertyValueSpecification\",\"valueRequired\":true,\"valueName\":\"search_term_string\"}}],\"inLanguage\":\"pl-PL\"},{\"@type\":\"Organization\",\"@id\":\"https:\\\/\\\/browarbaltow.pl\\\/blog\\\/#organization\",\"name\":\"Browar Ba\u0142t\u00f3w Blog\",\"url\":\"https:\\\/\\\/browarbaltow.pl\\\/blog\\\/\",\"logo\":{\"@type\":\"ImageObject\",\"inLanguage\":\"pl-PL\",\"@id\":\"https:\\\/\\\/browarbaltow.pl\\\/blog\\\/#\\\/schema\\\/logo\\\/image\\\/\",\"url\":\"https:\\\/\\\/browarbaltow.pl\\\/blog\\\/wp-content\\\/uploads\\\/2022\\\/11\\\/BB_elementy-01.png\",\"contentUrl\":\"https:\\\/\\\/browarbaltow.pl\\\/blog\\\/wp-content\\\/uploads\\\/2022\\\/11\\\/BB_elementy-01.png\",\"width\":1934,\"height\":1692,\"caption\":\"Browar Ba\u0142t\u00f3w Blog\"},\"image\":{\"@id\":\"https:\\\/\\\/browarbaltow.pl\\\/blog\\\/#\\\/schema\\\/logo\\\/image\\\/\"}},{\"@type\":\"Person\",\"@id\":\"https:\\\/\\\/browarbaltow.pl\\\/blog\\\/#\\\/schema\\\/person\\\/89d82a20662a884797c6b0344f0d4a25\",\"name\":\"Monika P\u0119kala\",\"image\":{\"@type\":\"ImageObject\",\"inLanguage\":\"pl-PL\",\"@id\":\"https:\\\/\\\/browarbaltow.pl\\\/blog\\\/wp-content\\\/litespeed\\\/avatar\\\/3553d76c0da792950f3211d54d22ab93.jpg?ver=1777478337\",\"url\":\"https:\\\/\\\/browarbaltow.pl\\\/blog\\\/wp-content\\\/litespeed\\\/avatar\\\/3553d76c0da792950f3211d54d22ab93.jpg?ver=1777478337\",\"contentUrl\":\"https:\\\/\\\/browarbaltow.pl\\\/blog\\\/wp-content\\\/litespeed\\\/avatar\\\/3553d76c0da792950f3211d54d22ab93.jpg?ver=1777478337\",\"caption\":\"Monika P\u0119kala\"},\"url\":\"https:\\\/\\\/browarbaltow.pl\\\/blog\\\/author\\\/marketing\\\/\"}]}<\/script>\n<!-- \/ Yoast SEO plugin. -->","yoast_head_json":{"title":"Oktoberfest w Gliwicach - Browar Ba\u0142t\u00f3w Blog","description":"W dniach 22-24 wrze\u015bnia w Gliwicach odb\u0119dzie si\u0119 Oktoberfest, kt\u00f3rego organizatorem jest\u00a0Smaczny Targ. Browar Ba\u0142t\u00f3w r\u00f3wnie\u017c tam b\u0119dzie!","robots":{"index":"index","follow":"follow","max-snippet":"max-snippet:-1","max-image-preview":"max-image-preview:large","max-video-preview":"max-video-preview:-1"},"canonical":"https:\/\/browarbaltow.pl\/blog\/oktoberfest-gliwice\/","og_locale":"pl_PL","og_type":"article","og_title":"Oktoberfest w Gliwicach - Browar Ba\u0142t\u00f3w Blog","og_description":"W dniach 22-24 wrze\u015bnia w Gliwicach odb\u0119dzie si\u0119 Oktoberfest, kt\u00f3rego organizatorem jest\u00a0Smaczny Targ. Browar Ba\u0142t\u00f3w r\u00f3wnie\u017c tam b\u0119dzie!","og_url":"https:\/\/browarbaltow.pl\/blog\/oktoberfest-gliwice\/","og_site_name":"Browar Ba\u0142t\u00f3w Blog","article_published_time":"2023-09-18T08:37:12+00:00","article_modified_time":"2023-09-18T08:37:14+00:00","og_image":[{"width":1024,"height":683,"url":"https:\/\/browarbaltow.pl\/blog\/wp-content\/uploads\/2023\/02\/browar-baltow-4-1024x683.jpg","type":"image\/jpeg"}],"author":"Monika P\u0119kala","twitter_card":"summary_large_image","twitter_misc":{"Napisane przez":"Monika P\u0119kala","Szacowany czas czytania":"2 minuty"},"schema":{"@context":"https:\/\/schema.org","@graph":[{"@type":"Article","@id":"https:\/\/browarbaltow.pl\/blog\/oktoberfest-gliwice\/#article","isPartOf":{"@id":"https:\/\/browarbaltow.pl\/blog\/oktoberfest-gliwice\/"},"author":{"name":"Monika P\u0119kala","@id":"https:\/\/browarbaltow.pl\/blog\/#\/schema\/person\/89d82a20662a884797c6b0344f0d4a25"},"headline":"Oktoberfest w Gliwicach","datePublished":"2023-09-18T08:37:12+00:00","dateModified":"2023-09-18T08:37:14+00:00","mainEntityOfPage":{"@id":"https:\/\/browarbaltow.pl\/blog\/oktoberfest-gliwice\/"},"wordCount":263,"publisher":{"@id":"https:\/\/browarbaltow.pl\/blog\/#organization"},"image":{"@id":"https:\/\/browarbaltow.pl\/blog\/oktoberfest-gliwice\/#primaryimage"},"thumbnailUrl":"https:\/\/browarbaltow.pl\/blog\/wp-content\/uploads\/2023\/02\/browar-baltow-4.jpg","keywords":["Browar","Browar Ba\u0142t\u00f3w","Browar Kraftowy","Browar Regionalny","Gliwice","Oktoberfest","Pierwszy w Polsce Browar Tematyczny","Piwo","Smaczny Targ"],"articleSection":["Aktualno\u015bci"],"inLanguage":"pl-PL"},{"@type":"WebPage","@id":"https:\/\/browarbaltow.pl\/blog\/oktoberfest-gliwice\/","url":"https:\/\/browarbaltow.pl\/blog\/oktoberfest-gliwice\/","name":"Oktoberfest w Gliwicach - Browar Ba\u0142t\u00f3w Blog","isPartOf":{"@id":"https:\/\/browarbaltow.pl\/blog\/#website"},"primaryImageOfPage":{"@id":"https:\/\/browarbaltow.pl\/blog\/oktoberfest-gliwice\/#primaryimage"},"image":{"@id":"https:\/\/browarbaltow.pl\/blog\/oktoberfest-gliwice\/#primaryimage"},"thumbnailUrl":"https:\/\/browarbaltow.pl\/blog\/wp-content\/uploads\/2023\/02\/browar-baltow-4.jpg","datePublished":"2023-09-18T08:37:12+00:00","dateModified":"2023-09-18T08:37:14+00:00","description":"W dniach 22-24 wrze\u015bnia w Gliwicach odb\u0119dzie si\u0119 Oktoberfest, kt\u00f3rego organizatorem jest\u00a0Smaczny Targ. Browar Ba\u0142t\u00f3w r\u00f3wnie\u017c tam b\u0119dzie!","breadcrumb":{"@id":"https:\/\/browarbaltow.pl\/blog\/oktoberfest-gliwice\/#breadcrumb"},"inLanguage":"pl-PL","potentialAction":[{"@type":"ReadAction","target":["https:\/\/browarbaltow.pl\/blog\/oktoberfest-gliwice\/"]}]},{"@type":"ImageObject","inLanguage":"pl-PL","@id":"https:\/\/browarbaltow.pl\/blog\/oktoberfest-gliwice\/#primaryimage","url":"https:\/\/browarbaltow.pl\/blog\/wp-content\/uploads\/2023\/02\/browar-baltow-4.jpg","contentUrl":"https:\/\/browarbaltow.pl\/blog\/wp-content\/uploads\/2023\/02\/browar-baltow-4.jpg","width":2500,"height":1667,"caption":"oktoberfest gliwice"},{"@type":"BreadcrumbList","@id":"https:\/\/browarbaltow.pl\/blog\/oktoberfest-gliwice\/#breadcrumb","itemListElement":[{"@type":"ListItem","position":1,"name":"Home","item":"https:\/\/browarbaltow.pl\/blog\/"},{"@type":"ListItem","position":2,"name":"Oktoberfest w Gliwicach"}]},{"@type":"WebSite","@id":"https:\/\/browarbaltow.pl\/blog\/#website","url":"https:\/\/browarbaltow.pl\/blog\/","name":"Browar Ba\u0142t\u00f3w Blog","description":"","publisher":{"@id":"https:\/\/browarbaltow.pl\/blog\/#organization"},"potentialAction":[{"@type":"SearchAction","target":{"@type":"EntryPoint","urlTemplate":"https:\/\/browarbaltow.pl\/blog\/?s={search_term_string}"},"query-input":{"@type":"PropertyValueSpecification","valueRequired":true,"valueName":"search_term_string"}}],"inLanguage":"pl-PL"},{"@type":"Organization","@id":"https:\/\/browarbaltow.pl\/blog\/#organization","name":"Browar Ba\u0142t\u00f3w Blog","url":"https:\/\/browarbaltow.pl\/blog\/","logo":{"@type":"ImageObject","inLanguage":"pl-PL","@id":"https:\/\/browarbaltow.pl\/blog\/#\/schema\/logo\/image\/","url":"https:\/\/browarbaltow.pl\/blog\/wp-content\/uploads\/2022\/11\/BB_elementy-01.png","contentUrl":"https:\/\/browarbaltow.pl\/blog\/wp-content\/uploads\/2022\/11\/BB_elementy-01.png","width":1934,"height":1692,"caption":"Browar Ba\u0142t\u00f3w Blog"},"image":{"@id":"https:\/\/browarbaltow.pl\/blog\/#\/schema\/logo\/image\/"}},{"@type":"Person","@id":"https:\/\/browarbaltow.pl\/blog\/#\/schema\/person\/89d82a20662a884797c6b0344f0d4a25","name":"Monika P\u0119kala","image":{"@type":"ImageObject","inLanguage":"pl-PL","@id":"https:\/\/browarbaltow.pl\/blog\/wp-content\/litespeed\/avatar\/3553d76c0da792950f3211d54d22ab93.jpg?ver=1777478337","url":"https:\/\/browarbaltow.pl\/blog\/wp-content\/litespeed\/avatar\/3553d76c0da792950f3211d54d22ab93.jpg?ver=1777478337","contentUrl":"https:\/\/browarbaltow.pl\/blog\/wp-content\/litespeed\/avatar\/3553d76c0da792950f3211d54d22ab93.jpg?ver=1777478337","caption":"Monika P\u0119kala"},"url":"https:\/\/browarbaltow.pl\/blog\/author\/marketing\/"}]}},"_links":{"self":[{"href":"https:\/\/browarbaltow.pl\/blog\/wp-json\/wp\/v2\/posts\/847","targetHints":{"allow":["GET"]}}],"collection":[{"href":"https:\/\/browarbaltow.pl\/blog\/wp-json\/wp\/v2\/posts"}],"about":[{"href":"https:\/\/browarbaltow.pl\/blog\/wp-json\/wp\/v2\/types\/post"}],"author":[{"embeddable":true,"href":"https:\/\/browarbaltow.pl\/blog\/wp-json\/wp\/v2\/users\/5"}],"replies":[{"embeddable":true,"href":"https:\/\/browarbaltow.pl\/blog\/wp-json\/wp\/v2\/comments?post=847"}],"version-history":[{"count":5,"href":"https:\/\/browarbaltow.pl\/blog\/wp-json\/wp\/v2\/posts\/847\/revisions"}],"predecessor-version":[{"id":854,"href":"https:\/\/browarbaltow.pl\/blog\/wp-json\/wp\/v2\/posts\/847\/revisions\/854"}],"wp:featuredmedia":[{"embeddable":true,"href":"https:\/\/browarbaltow.pl\/blog\/wp-json\/wp\/v2\/media\/661"}],"wp:attachment":[{"href":"https:\/\/browarbaltow.pl\/blog\/wp-json\/wp\/v2\/media?parent=847"}],"wp:term":[{"taxonomy":"category","embeddable":true,"href":"https:\/\/browarbaltow.pl\/blog\/wp-json\/wp\/v2\/categories?post=847"},{"taxonomy":"post_tag","embeddable":true,"href":"https:\/\/browarbaltow.pl\/blog\/wp-json\/wp\/v2\/tags?post=847"}],"curies":[{"name":"wp","href":"https:\/\/api.w.org\/{rel}","templated":true}]}}