{"id":882,"date":"2023-11-29T15:36:18","date_gmt":"2023-11-29T14:36:18","guid":{"rendered":"https:\/\/browarbaltow.pl\/blog\/?p=882"},"modified":"2023-11-29T15:36:19","modified_gmt":"2023-11-29T14:36:19","slug":"targ-swiateczny","status":"publish","type":"post","link":"https:\/\/browarbaltow.pl\/blog\/targ-swiateczny\/","title":{"rendered":"Targ \u015awi\u0105teczny w Katowicach"},"content":{"rendered":"\n<p>Emocje po Pozna\u0144skich Targach Piwnych powoli opadaj\u0105. Mi\u0142o nam poinformowa\u0107, \u017ce w najbli\u017cszy weekend 2-3 grudnia b\u0119dziecie mogli nas spotka\u0107 na Targu \u015awi\u0105tecznym w Katowicach. <\/p>\n\n\n\n<p>Zimowa aura powoli zaczyna otacza\u0107 nas wszystkich. Ten okres obfituje w jarmarki i targi \u015bwi\u0105teczne, r\u00f3wnie\u017c te z udzia\u0142em Browaru Ba\u0142t\u00f3w. W zwi\u0105zku z czym ju\u017c w najbli\u017cszy weekend 2-3 grudnia zawitamy do Katowic. We\u017amiemy udzia\u0142 w Targu \u015awi\u0105tecznym, kt\u00f3rego organizatorem jest <a href=\"https:\/\/www.facebook.com\/smacznytarg\/?locale=pl_PL\">Smaczny Targ. <\/a><\/p>\n\n\n\n<p>To doskona\u0142a okazja, aby napi\u0107 si\u0119 naszego kraftowego piwa i porozmawia\u0107 o nim z nasz\u0105 ekip\u0105. B\u0119dziecie mogli spr\u00f3bowa\u0107 r\u00f3wnie\u017c najnowszego trunku, jakim jest <a href=\"https:\/\/browarbaltow.pl\/blog\/imperial-irish-red-ale-z-premiera-na-poznanskich-targach-piwnych\/\">Imperial Irish Red Ale &#8222;Szalony Alchemik&#8221;<\/a>. To piwo charakteryzuje si\u0119 g\u0142\u0119bok\u0105, czerown\u0105 barw\u0105 i be\u017cow\u0105 piank\u0105. Dobrze wyczuwalne s\u0105 w nim nuty czerwonych jag\u00f3d, g\u0142adkiego karmelu oraz orzechowej sk\u00f3rki chleba.<\/p>\n\n\n\n<figure class=\"wp-block-image size-large\"><img fetchpriority=\"high\" decoding=\"async\" width=\"1024\" height=\"683\" src=\"https:\/\/browarbaltow.pl\/blog\/wp-content\/uploads\/2023\/09\/3V9A2843-1024x683.jpg\" alt=\"Targ \u015bwi\u0105teczny\" class=\"wp-image-841\" srcset=\"https:\/\/browarbaltow.pl\/blog\/wp-content\/uploads\/2023\/09\/3V9A2843-1024x683.jpg 1024w, https:\/\/browarbaltow.pl\/blog\/wp-content\/uploads\/2023\/09\/3V9A2843-300x200.jpg 300w, https:\/\/browarbaltow.pl\/blog\/wp-content\/uploads\/2023\/09\/3V9A2843-768x512.jpg 768w, https:\/\/browarbaltow.pl\/blog\/wp-content\/uploads\/2023\/09\/3V9A2843-1536x1024.jpg 1536w, https:\/\/browarbaltow.pl\/blog\/wp-content\/uploads\/2023\/09\/3V9A2843-2048x1366.jpg 2048w\" sizes=\"(max-width: 1024px) 100vw, 1024px\" \/><\/figure>\n\n\n\n<p>Mamy nadziej\u0119, \u017ce b\u0119dzie nam towarzyszy\u0107 w tym wyj\u0105tkowym wydarzeniu. Do zobaczenia!<\/p>\n","protected":false},"excerpt":{"rendered":"<p>Emocje po Pozna\u0144skich Targach Piwnych powoli opadaj\u0105. Mi\u0142o nam poinformowa\u0107, \u017ce w najbli\u017cszy weekend 2-3 grudnia b\u0119dziecie mogli nas spotka\u0107 na Targu \u015awi\u0105tecznym w Katowicach. Zimowa aura powoli zaczyna otacza\u0107 nas wszystkich. Ten okres obfituje w jarmarki i targi \u015bwi\u0105teczne, r\u00f3wnie\u017c te z udzia\u0142em Browaru Ba\u0142t\u00f3w. W zwi\u0105zku z czym ju\u017c w najbli\u017cszy weekend 2-3&#8230;<\/p>\n","protected":false},"author":5,"featured_media":755,"comment_status":"closed","ping_status":"closed","sticky":false,"template":"","format":"standard","meta":{"_kad_post_transparent":"","_kad_post_title":"","_kad_post_layout":"","_kad_post_sidebar_id":"","_kad_post_content_style":"","_kad_post_vertical_padding":"","_kad_post_feature":"","_kad_post_feature_position":"","_kad_post_header":false,"_kad_post_footer":false,"_kad_post_classname":"","footnotes":""},"categories":[1],"tags":[68,56,71,61,45,74,59,87],"class_list":["post-882","post","type-post","status-publish","format-standard","has-post-thumbnail","hentry","category-aktualnosci","tag-browar","tag-browar-baltow","tag-browar-kraftowy","tag-browar-rzemielsniczy","tag-piwo-kraftowe","tag-smaczny-targ","tag-swietokrzyskie-2","tag-targ-swiateczny"],"yoast_head":"<!-- This site is optimized with the Yoast SEO plugin v27.5 - https:\/\/yoast.com\/product\/yoast-seo-wordpress\/ -->\n<title>Targ \u015awi\u0105teczny w Katowicach - Browar Ba\u0142t\u00f3w Blog<\/title>\n<meta name=\"description\" content=\"Mi\u0142o nam poinformowa\u0107, \u017ce w najbli\u017cszy weekend 2-3 grudnia b\u0119dziecie mogli nas spotka\u0107 na Targu \u015awi\u0105tecznym w Katowicach.\" \/>\n<meta name=\"robots\" content=\"index, follow, max-snippet:-1, max-image-preview:large, max-video-preview:-1\" \/>\n<link rel=\"canonical\" href=\"https:\/\/browarbaltow.pl\/blog\/targ-swiateczny\/\" \/>\n<meta property=\"og:locale\" content=\"pl_PL\" \/>\n<meta property=\"og:type\" content=\"article\" \/>\n<meta property=\"og:title\" content=\"Targ \u015awi\u0105teczny w Katowicach - Browar Ba\u0142t\u00f3w Blog\" \/>\n<meta property=\"og:description\" content=\"Mi\u0142o nam poinformowa\u0107, \u017ce w najbli\u017cszy weekend 2-3 grudnia b\u0119dziecie mogli nas spotka\u0107 na Targu \u015awi\u0105tecznym w Katowicach.\" \/>\n<meta property=\"og:url\" content=\"https:\/\/browarbaltow.pl\/blog\/targ-swiateczny\/\" \/>\n<meta property=\"og:site_name\" content=\"Browar Ba\u0142t\u00f3w Blog\" \/>\n<meta property=\"article:published_time\" content=\"2023-11-29T14:36:18+00:00\" \/>\n<meta property=\"article:modified_time\" content=\"2023-11-29T14:36:19+00:00\" \/>\n<meta property=\"og:image\" content=\"https:\/\/browarbaltow.pl\/blog\/wp-content\/uploads\/2023\/06\/PS3A0969-2-scaled.jpg\" \/>\n\t<meta property=\"og:image:width\" content=\"2560\" \/>\n\t<meta property=\"og:image:height\" content=\"1707\" \/>\n\t<meta property=\"og:image:type\" content=\"image\/jpeg\" \/>\n<meta name=\"author\" content=\"Monika P\u0119kala\" \/>\n<meta name=\"twitter:card\" content=\"summary_large_image\" \/>\n<meta name=\"twitter:label1\" content=\"Napisane przez\" \/>\n\t<meta name=\"twitter:data1\" content=\"Monika P\u0119kala\" \/>\n\t<meta name=\"twitter:label2\" content=\"Szacowany czas czytania\" \/>\n\t<meta name=\"twitter:data2\" content=\"2 minuty\" \/>\n<script type=\"application\/ld+json\" class=\"yoast-schema-graph\">{\"@context\":\"https:\\\/\\\/schema.org\",\"@graph\":[{\"@type\":\"Article\",\"@id\":\"https:\\\/\\\/browarbaltow.pl\\\/blog\\\/targ-swiateczny\\\/#article\",\"isPartOf\":{\"@id\":\"https:\\\/\\\/browarbaltow.pl\\\/blog\\\/targ-swiateczny\\\/\"},\"author\":{\"name\":\"Monika P\u0119kala\",\"@id\":\"https:\\\/\\\/browarbaltow.pl\\\/blog\\\/#\\\/schema\\\/person\\\/89d82a20662a884797c6b0344f0d4a25\"},\"headline\":\"Targ \u015awi\u0105teczny w Katowicach\",\"datePublished\":\"2023-11-29T14:36:18+00:00\",\"dateModified\":\"2023-11-29T14:36:19+00:00\",\"mainEntityOfPage\":{\"@id\":\"https:\\\/\\\/browarbaltow.pl\\\/blog\\\/targ-swiateczny\\\/\"},\"wordCount\":166,\"publisher\":{\"@id\":\"https:\\\/\\\/browarbaltow.pl\\\/blog\\\/#organization\"},\"image\":{\"@id\":\"https:\\\/\\\/browarbaltow.pl\\\/blog\\\/targ-swiateczny\\\/#primaryimage\"},\"thumbnailUrl\":\"https:\\\/\\\/browarbaltow.pl\\\/blog\\\/wp-content\\\/uploads\\\/2023\\\/06\\\/PS3A0969-2-scaled.jpg\",\"keywords\":[\"Browar\",\"Browar Ba\u0142t\u00f3w\",\"Browar Kraftowy\",\"Browar Rzemiel\u015bniczy\",\"piwo kraftowe\",\"Smaczny Targ\",\"\u015awi\u0119tokrzyskie\",\"Targ \u015awi\u0105teczny\"],\"articleSection\":[\"Aktualno\u015bci\"],\"inLanguage\":\"pl-PL\"},{\"@type\":\"WebPage\",\"@id\":\"https:\\\/\\\/browarbaltow.pl\\\/blog\\\/targ-swiateczny\\\/\",\"url\":\"https:\\\/\\\/browarbaltow.pl\\\/blog\\\/targ-swiateczny\\\/\",\"name\":\"Targ \u015awi\u0105teczny w Katowicach - Browar Ba\u0142t\u00f3w Blog\",\"isPartOf\":{\"@id\":\"https:\\\/\\\/browarbaltow.pl\\\/blog\\\/#website\"},\"primaryImageOfPage\":{\"@id\":\"https:\\\/\\\/browarbaltow.pl\\\/blog\\\/targ-swiateczny\\\/#primaryimage\"},\"image\":{\"@id\":\"https:\\\/\\\/browarbaltow.pl\\\/blog\\\/targ-swiateczny\\\/#primaryimage\"},\"thumbnailUrl\":\"https:\\\/\\\/browarbaltow.pl\\\/blog\\\/wp-content\\\/uploads\\\/2023\\\/06\\\/PS3A0969-2-scaled.jpg\",\"datePublished\":\"2023-11-29T14:36:18+00:00\",\"dateModified\":\"2023-11-29T14:36:19+00:00\",\"description\":\"Mi\u0142o nam poinformowa\u0107, \u017ce w najbli\u017cszy weekend 2-3 grudnia b\u0119dziecie mogli nas spotka\u0107 na Targu \u015awi\u0105tecznym w Katowicach.\",\"breadcrumb\":{\"@id\":\"https:\\\/\\\/browarbaltow.pl\\\/blog\\\/targ-swiateczny\\\/#breadcrumb\"},\"inLanguage\":\"pl-PL\",\"potentialAction\":[{\"@type\":\"ReadAction\",\"target\":[\"https:\\\/\\\/browarbaltow.pl\\\/blog\\\/targ-swiateczny\\\/\"]}]},{\"@type\":\"ImageObject\",\"inLanguage\":\"pl-PL\",\"@id\":\"https:\\\/\\\/browarbaltow.pl\\\/blog\\\/targ-swiateczny\\\/#primaryimage\",\"url\":\"https:\\\/\\\/browarbaltow.pl\\\/blog\\\/wp-content\\\/uploads\\\/2023\\\/06\\\/PS3A0969-2-scaled.jpg\",\"contentUrl\":\"https:\\\/\\\/browarbaltow.pl\\\/blog\\\/wp-content\\\/uploads\\\/2023\\\/06\\\/PS3A0969-2-scaled.jpg\",\"width\":2560,\"height\":1707,\"caption\":\"targ \u015bwi\u0105teczny\"},{\"@type\":\"BreadcrumbList\",\"@id\":\"https:\\\/\\\/browarbaltow.pl\\\/blog\\\/targ-swiateczny\\\/#breadcrumb\",\"itemListElement\":[{\"@type\":\"ListItem\",\"position\":1,\"name\":\"Home\",\"item\":\"https:\\\/\\\/browarbaltow.pl\\\/blog\\\/\"},{\"@type\":\"ListItem\",\"position\":2,\"name\":\"Targ \u015awi\u0105teczny w Katowicach\"}]},{\"@type\":\"WebSite\",\"@id\":\"https:\\\/\\\/browarbaltow.pl\\\/blog\\\/#website\",\"url\":\"https:\\\/\\\/browarbaltow.pl\\\/blog\\\/\",\"name\":\"Browar Ba\u0142t\u00f3w Blog\",\"description\":\"\",\"publisher\":{\"@id\":\"https:\\\/\\\/browarbaltow.pl\\\/blog\\\/#organization\"},\"potentialAction\":[{\"@type\":\"SearchAction\",\"target\":{\"@type\":\"EntryPoint\",\"urlTemplate\":\"https:\\\/\\\/browarbaltow.pl\\\/blog\\\/?s={search_term_string}\"},\"query-input\":{\"@type\":\"PropertyValueSpecification\",\"valueRequired\":true,\"valueName\":\"search_term_string\"}}],\"inLanguage\":\"pl-PL\"},{\"@type\":\"Organization\",\"@id\":\"https:\\\/\\\/browarbaltow.pl\\\/blog\\\/#organization\",\"name\":\"Browar Ba\u0142t\u00f3w Blog\",\"url\":\"https:\\\/\\\/browarbaltow.pl\\\/blog\\\/\",\"logo\":{\"@type\":\"ImageObject\",\"inLanguage\":\"pl-PL\",\"@id\":\"https:\\\/\\\/browarbaltow.pl\\\/blog\\\/#\\\/schema\\\/logo\\\/image\\\/\",\"url\":\"https:\\\/\\\/browarbaltow.pl\\\/blog\\\/wp-content\\\/uploads\\\/2022\\\/11\\\/BB_elementy-01.png\",\"contentUrl\":\"https:\\\/\\\/browarbaltow.pl\\\/blog\\\/wp-content\\\/uploads\\\/2022\\\/11\\\/BB_elementy-01.png\",\"width\":1934,\"height\":1692,\"caption\":\"Browar Ba\u0142t\u00f3w Blog\"},\"image\":{\"@id\":\"https:\\\/\\\/browarbaltow.pl\\\/blog\\\/#\\\/schema\\\/logo\\\/image\\\/\"}},{\"@type\":\"Person\",\"@id\":\"https:\\\/\\\/browarbaltow.pl\\\/blog\\\/#\\\/schema\\\/person\\\/89d82a20662a884797c6b0344f0d4a25\",\"name\":\"Monika P\u0119kala\",\"image\":{\"@type\":\"ImageObject\",\"inLanguage\":\"pl-PL\",\"@id\":\"https:\\\/\\\/browarbaltow.pl\\\/blog\\\/wp-content\\\/litespeed\\\/avatar\\\/3553d76c0da792950f3211d54d22ab93.jpg?ver=1777478337\",\"url\":\"https:\\\/\\\/browarbaltow.pl\\\/blog\\\/wp-content\\\/litespeed\\\/avatar\\\/3553d76c0da792950f3211d54d22ab93.jpg?ver=1777478337\",\"contentUrl\":\"https:\\\/\\\/browarbaltow.pl\\\/blog\\\/wp-content\\\/litespeed\\\/avatar\\\/3553d76c0da792950f3211d54d22ab93.jpg?ver=1777478337\",\"caption\":\"Monika P\u0119kala\"},\"url\":\"https:\\\/\\\/browarbaltow.pl\\\/blog\\\/author\\\/marketing\\\/\"}]}<\/script>\n<!-- \/ Yoast SEO plugin. -->","yoast_head_json":{"title":"Targ \u015awi\u0105teczny w Katowicach - Browar Ba\u0142t\u00f3w Blog","description":"Mi\u0142o nam poinformowa\u0107, \u017ce w najbli\u017cszy weekend 2-3 grudnia b\u0119dziecie mogli nas spotka\u0107 na Targu \u015awi\u0105tecznym w Katowicach.","robots":{"index":"index","follow":"follow","max-snippet":"max-snippet:-1","max-image-preview":"max-image-preview:large","max-video-preview":"max-video-preview:-1"},"canonical":"https:\/\/browarbaltow.pl\/blog\/targ-swiateczny\/","og_locale":"pl_PL","og_type":"article","og_title":"Targ \u015awi\u0105teczny w Katowicach - Browar Ba\u0142t\u00f3w Blog","og_description":"Mi\u0142o nam poinformowa\u0107, \u017ce w najbli\u017cszy weekend 2-3 grudnia b\u0119dziecie mogli nas spotka\u0107 na Targu \u015awi\u0105tecznym w Katowicach.","og_url":"https:\/\/browarbaltow.pl\/blog\/targ-swiateczny\/","og_site_name":"Browar Ba\u0142t\u00f3w Blog","article_published_time":"2023-11-29T14:36:18+00:00","article_modified_time":"2023-11-29T14:36:19+00:00","og_image":[{"width":2560,"height":1707,"url":"https:\/\/browarbaltow.pl\/blog\/wp-content\/uploads\/2023\/06\/PS3A0969-2-scaled.jpg","type":"image\/jpeg"}],"author":"Monika P\u0119kala","twitter_card":"summary_large_image","twitter_misc":{"Napisane przez":"Monika P\u0119kala","Szacowany czas czytania":"2 minuty"},"schema":{"@context":"https:\/\/schema.org","@graph":[{"@type":"Article","@id":"https:\/\/browarbaltow.pl\/blog\/targ-swiateczny\/#article","isPartOf":{"@id":"https:\/\/browarbaltow.pl\/blog\/targ-swiateczny\/"},"author":{"name":"Monika P\u0119kala","@id":"https:\/\/browarbaltow.pl\/blog\/#\/schema\/person\/89d82a20662a884797c6b0344f0d4a25"},"headline":"Targ \u015awi\u0105teczny w Katowicach","datePublished":"2023-11-29T14:36:18+00:00","dateModified":"2023-11-29T14:36:19+00:00","mainEntityOfPage":{"@id":"https:\/\/browarbaltow.pl\/blog\/targ-swiateczny\/"},"wordCount":166,"publisher":{"@id":"https:\/\/browarbaltow.pl\/blog\/#organization"},"image":{"@id":"https:\/\/browarbaltow.pl\/blog\/targ-swiateczny\/#primaryimage"},"thumbnailUrl":"https:\/\/browarbaltow.pl\/blog\/wp-content\/uploads\/2023\/06\/PS3A0969-2-scaled.jpg","keywords":["Browar","Browar Ba\u0142t\u00f3w","Browar Kraftowy","Browar Rzemiel\u015bniczy","piwo kraftowe","Smaczny Targ","\u015awi\u0119tokrzyskie","Targ \u015awi\u0105teczny"],"articleSection":["Aktualno\u015bci"],"inLanguage":"pl-PL"},{"@type":"WebPage","@id":"https:\/\/browarbaltow.pl\/blog\/targ-swiateczny\/","url":"https:\/\/browarbaltow.pl\/blog\/targ-swiateczny\/","name":"Targ \u015awi\u0105teczny w Katowicach - Browar Ba\u0142t\u00f3w Blog","isPartOf":{"@id":"https:\/\/browarbaltow.pl\/blog\/#website"},"primaryImageOfPage":{"@id":"https:\/\/browarbaltow.pl\/blog\/targ-swiateczny\/#primaryimage"},"image":{"@id":"https:\/\/browarbaltow.pl\/blog\/targ-swiateczny\/#primaryimage"},"thumbnailUrl":"https:\/\/browarbaltow.pl\/blog\/wp-content\/uploads\/2023\/06\/PS3A0969-2-scaled.jpg","datePublished":"2023-11-29T14:36:18+00:00","dateModified":"2023-11-29T14:36:19+00:00","description":"Mi\u0142o nam poinformowa\u0107, \u017ce w najbli\u017cszy weekend 2-3 grudnia b\u0119dziecie mogli nas spotka\u0107 na Targu \u015awi\u0105tecznym w Katowicach.","breadcrumb":{"@id":"https:\/\/browarbaltow.pl\/blog\/targ-swiateczny\/#breadcrumb"},"inLanguage":"pl-PL","potentialAction":[{"@type":"ReadAction","target":["https:\/\/browarbaltow.pl\/blog\/targ-swiateczny\/"]}]},{"@type":"ImageObject","inLanguage":"pl-PL","@id":"https:\/\/browarbaltow.pl\/blog\/targ-swiateczny\/#primaryimage","url":"https:\/\/browarbaltow.pl\/blog\/wp-content\/uploads\/2023\/06\/PS3A0969-2-scaled.jpg","contentUrl":"https:\/\/browarbaltow.pl\/blog\/wp-content\/uploads\/2023\/06\/PS3A0969-2-scaled.jpg","width":2560,"height":1707,"caption":"targ \u015bwi\u0105teczny"},{"@type":"BreadcrumbList","@id":"https:\/\/browarbaltow.pl\/blog\/targ-swiateczny\/#breadcrumb","itemListElement":[{"@type":"ListItem","position":1,"name":"Home","item":"https:\/\/browarbaltow.pl\/blog\/"},{"@type":"ListItem","position":2,"name":"Targ \u015awi\u0105teczny w Katowicach"}]},{"@type":"WebSite","@id":"https:\/\/browarbaltow.pl\/blog\/#website","url":"https:\/\/browarbaltow.pl\/blog\/","name":"Browar Ba\u0142t\u00f3w Blog","description":"","publisher":{"@id":"https:\/\/browarbaltow.pl\/blog\/#organization"},"potentialAction":[{"@type":"SearchAction","target":{"@type":"EntryPoint","urlTemplate":"https:\/\/browarbaltow.pl\/blog\/?s={search_term_string}"},"query-input":{"@type":"PropertyValueSpecification","valueRequired":true,"valueName":"search_term_string"}}],"inLanguage":"pl-PL"},{"@type":"Organization","@id":"https:\/\/browarbaltow.pl\/blog\/#organization","name":"Browar Ba\u0142t\u00f3w Blog","url":"https:\/\/browarbaltow.pl\/blog\/","logo":{"@type":"ImageObject","inLanguage":"pl-PL","@id":"https:\/\/browarbaltow.pl\/blog\/#\/schema\/logo\/image\/","url":"https:\/\/browarbaltow.pl\/blog\/wp-content\/uploads\/2022\/11\/BB_elementy-01.png","contentUrl":"https:\/\/browarbaltow.pl\/blog\/wp-content\/uploads\/2022\/11\/BB_elementy-01.png","width":1934,"height":1692,"caption":"Browar Ba\u0142t\u00f3w Blog"},"image":{"@id":"https:\/\/browarbaltow.pl\/blog\/#\/schema\/logo\/image\/"}},{"@type":"Person","@id":"https:\/\/browarbaltow.pl\/blog\/#\/schema\/person\/89d82a20662a884797c6b0344f0d4a25","name":"Monika P\u0119kala","image":{"@type":"ImageObject","inLanguage":"pl-PL","@id":"https:\/\/browarbaltow.pl\/blog\/wp-content\/litespeed\/avatar\/3553d76c0da792950f3211d54d22ab93.jpg?ver=1777478337","url":"https:\/\/browarbaltow.pl\/blog\/wp-content\/litespeed\/avatar\/3553d76c0da792950f3211d54d22ab93.jpg?ver=1777478337","contentUrl":"https:\/\/browarbaltow.pl\/blog\/wp-content\/litespeed\/avatar\/3553d76c0da792950f3211d54d22ab93.jpg?ver=1777478337","caption":"Monika P\u0119kala"},"url":"https:\/\/browarbaltow.pl\/blog\/author\/marketing\/"}]}},"_links":{"self":[{"href":"https:\/\/browarbaltow.pl\/blog\/wp-json\/wp\/v2\/posts\/882","targetHints":{"allow":["GET"]}}],"collection":[{"href":"https:\/\/browarbaltow.pl\/blog\/wp-json\/wp\/v2\/posts"}],"about":[{"href":"https:\/\/browarbaltow.pl\/blog\/wp-json\/wp\/v2\/types\/post"}],"author":[{"embeddable":true,"href":"https:\/\/browarbaltow.pl\/blog\/wp-json\/wp\/v2\/users\/5"}],"replies":[{"embeddable":true,"href":"https:\/\/browarbaltow.pl\/blog\/wp-json\/wp\/v2\/comments?post=882"}],"version-history":[{"count":1,"href":"https:\/\/browarbaltow.pl\/blog\/wp-json\/wp\/v2\/posts\/882\/revisions"}],"predecessor-version":[{"id":883,"href":"https:\/\/browarbaltow.pl\/blog\/wp-json\/wp\/v2\/posts\/882\/revisions\/883"}],"wp:featuredmedia":[{"embeddable":true,"href":"https:\/\/browarbaltow.pl\/blog\/wp-json\/wp\/v2\/media\/755"}],"wp:attachment":[{"href":"https:\/\/browarbaltow.pl\/blog\/wp-json\/wp\/v2\/media?parent=882"}],"wp:term":[{"taxonomy":"category","embeddable":true,"href":"https:\/\/browarbaltow.pl\/blog\/wp-json\/wp\/v2\/categories?post=882"},{"taxonomy":"post_tag","embeddable":true,"href":"https:\/\/browarbaltow.pl\/blog\/wp-json\/wp\/v2\/tags?post=882"}],"curies":[{"name":"wp","href":"https:\/\/api.w.org\/{rel}","templated":true}]}}